{"id":413,"date":"2021-05-20T10:35:05","date_gmt":"2021-05-20T10:35:05","guid":{"rendered":"https:\/\/artdia.de\/?p=413"},"modified":"2023-02-24T16:19:38","modified_gmt":"2023-02-24T16:19:38","slug":"corona-correlation","status":"publish","type":"post","link":"https:\/\/artdia.de\/?p=413","title":{"rendered":"Corona Correlation"},"content":{"rendered":"\r\n<figure class=\"wp-block-embed is-type-video is-provider-youtube wp-block-embed-youtube wp-embed-aspect-16-9 wp-has-aspect-ratio\"><div class=\"wp-block-embed__wrapper\">\r\n<iframe loading=\"lazy\" title=\"Corona Correlation\" width=\"525\" height=\"295\" src=\"https:\/\/www.youtube.com\/embed\/WFcw75RzEsU?feature=oembed\" frameborder=\"0\" allow=\"accelerometer; autoplay; clipboard-write; encrypted-media; gyroscope; picture-in-picture; web-share\" referrerpolicy=\"strict-origin-when-cross-origin\" allowfullscreen><\/iframe>\r\n<\/div><\/figure>\r\n\r\n\r\n\r\n<p><code>Michael Wagner<\/code><\/p>\r\n\r\n\r\n\r\n<p>Blooming Springtime May 2021<\/p>\r\n\r\n\r\n\r\n<p>Floraison Printemps Mai 2021<\/p>\r\n\r\n\r\n\r\n<p>Fioritura Primavera Maggio 2021<\/p>\r\n\r\n\r\n\r\n<p>Floraci\u00f3n Primavera Mayo 2021<\/p>\r\n\r\n\r\n\r\n<p>Bl\u00fctezeit Fr\u00fchling Mai 2021<\/p>\r\n\r\n<p>&nbsp;<\/p>","protected":false},"excerpt":{"rendered":"<p>Michael Wagner Blooming Springtime May 2021 Floraison Printemps Mai 2021 Fioritura Primavera Maggio 2021 Floraci\u00f3n Primavera Mayo 2021 Bl\u00fctezeit Fr\u00fchling Mai 2021 &nbsp;<\/p>\n","protected":false},"author":1,"featured_media":0,"comment_status":"open","ping_status":"open","sticky":false,"template":"","format":"standard","meta":{"footnotes":""},"categories":[2,3],"tags":[30,26,21,23,33,29,36,35,34,32],"class_list":["post-413","post","type-post","status-publish","format-standard","hentry","category-art","category-allgemein","tag-blooming-2021","tag-constellation","tag-corona","tag-correlation","tag-covid-19-2","tag-covid-19","tag-fruhling-2021","tag-primavera-2021","tag-printemps-2021","tag-springtime-2021"],"_links":{"self":[{"href":"https:\/\/artdia.de\/index.php?rest_route=\/wp\/v2\/posts\/413","targetHints":{"allow":["GET"]}}],"collection":[{"href":"https:\/\/artdia.de\/index.php?rest_route=\/wp\/v2\/posts"}],"about":[{"href":"https:\/\/artdia.de\/index.php?rest_route=\/wp\/v2\/types\/post"}],"author":[{"embeddable":true,"href":"https:\/\/artdia.de\/index.php?rest_route=\/wp\/v2\/users\/1"}],"replies":[{"embeddable":true,"href":"https:\/\/artdia.de\/index.php?rest_route=%2Fwp%2Fv2%2Fcomments&post=413"}],"version-history":[{"count":4,"href":"https:\/\/artdia.de\/index.php?rest_route=\/wp\/v2\/posts\/413\/revisions"}],"predecessor-version":[{"id":426,"href":"https:\/\/artdia.de\/index.php?rest_route=\/wp\/v2\/posts\/413\/revisions\/426"}],"wp:attachment":[{"href":"https:\/\/artdia.de\/index.php?rest_route=%2Fwp%2Fv2%2Fmedia&parent=413"}],"wp:term":[{"taxonomy":"category","embeddable":true,"href":"https:\/\/artdia.de\/index.php?rest_route=%2Fwp%2Fv2%2Fcategories&post=413"},{"taxonomy":"post_tag","embeddable":true,"href":"https:\/\/artdia.de\/index.php?rest_route=%2Fwp%2Fv2%2Ftags&post=413"}],"curies":[{"name":"wp","href":"https:\/\/api.w.org\/{rel}","templated":true}]}}