{"id":41,"date":"2007-02-20T21:03:55","date_gmt":"2007-02-20T20:03:55","guid":{"rendered":"http:\/\/artdia.de\/blog\/?p=41"},"modified":"2021-07-03T08:07:38","modified_gmt":"2021-07-03T08:07:38","slug":"dada","status":"publish","type":"post","link":"https:\/\/artdia.de\/?p=41","title":{"rendered":"Dada"},"content":{"rendered":"<p><a href=\"https:\/\/www.youtube.com\/watch?v=sdi9KNSAxZY\" target=\"_blank\" rel=\"noopener\"><img loading=\"lazy\" decoding=\"async\" class=\"alignnone wp-image-311 size-full\" src=\"https:\/\/artdia.de\/wp-content\/uploads\/2007\/02\/dada_mw.jpg\" alt=\"\" width=\"477\" height=\"360\" srcset=\"https:\/\/artdia.de\/wp-content\/uploads\/2007\/02\/dada_mw.jpg 477w, https:\/\/artdia.de\/wp-content\/uploads\/2007\/02\/dada_mw-300x226.jpg 300w\" sizes=\"auto, (max-width: 477px) 100vw, 477px\" \/><\/a><\/p>\n<p><a href=\"https:\/\/www.youtube.com\/watch?v=sdi9KNSAxZY\" target=\"_blank\" rel=\"noopener noreferrer\">Dada<\/a><br \/>\n<a title=\"Dada\" href=\"https:\/\/www.youtube.com\/watch?v=sdi9KNSAxZY\" target=\"_blank\" rel=\"noopener noreferrer\">https:\/\/www.youtube.com\/watch?v=sdi9KNSAxZY<\/a><\/p>\n<p>Oskar Pastior<\/p>\n<p>Geboren am 20.10.1927 in Hermannstadt, Rum\u00e4nien.<br \/>\nGestorben am 04.10.2006. Lebte in Frankfurt am Main.<br \/>\n* 1969 F\u00f6rderpreis zum Andreas-Gryphius-Preis<br \/>\n* 1978 F\u00f6rderpreis des Kulturkreises<br \/>\n&#8216; im Bundesverband der Deutschen Industrie<br \/>\n* 1980 Literaturpreis der Universit\u00e4tsstadt Marburg<br \/>\n&#8216; und des Landkreises Marburg-Biedenkopf<br \/>\n* 1981 Villa-Massimo-Stipendium<br \/>\n* 1983 Preis des SWF-Literaturmagazins<br \/>\n* 1988 Ehrengabe des Kulturkreises<br \/>\n&#8216; im Bundesverband der Deutschen Industrie<br \/>\n* 1988 H\u00f6rspiel des Monats (M\u00e4rz: Mordnilapsuspalindrom)<br \/>\n* 1990 Hugo-Ball-Preis * 1993 Ernst-Meister-Preis f\u00fcr Lyrik<br \/>\n* 1997 Horst-Bienek-Preis f\u00fcr Lyrik<br \/>\n* 1998 Siebenb\u00fcrgisch-S\u00e4chsisc\u00adher Kulturpreis<br \/>\n* 2000 Walter-Hasenclever-Litera\u00adturpreis<br \/>\n* 2001 Peter-Huchel-Preis f\u00fcr deutschsprachige Lyrik<br \/>\n* 2001 Ehrendoktorw\u00fcrde der Universit\u00e4t Lucian Blaga Sibiu<br \/>\n* 2002 Erich-Fried-Preis<br \/>\n* 2006 Georg-B\u00fcchner-Preis<\/p>\n<p>Michael Wagner \u2022 2007<\/p>\n","protected":false},"excerpt":{"rendered":"<p>Dada https:\/\/www.youtube.com\/watch?v=sdi9KNSAxZY Oskar Pastior Geboren am 20.10.1927 in Hermannstadt, Rum\u00e4nien. Gestorben am 04.10.2006. Lebte in Frankfurt am Main. * 1969 F\u00f6rderpreis zum Andreas-Gryphius-Preis * 1978 F\u00f6rderpreis des Kulturkreises &#8216; im Bundesverband der Deutschen Industrie * 1980 Literaturpreis der Universit\u00e4tsstadt Marburg &#8216; und des Landkreises Marburg-Biedenkopf * 1981 Villa-Massimo-Stipendium * 1983 Preis des SWF-Literaturmagazins * 1988 &hellip; <\/p>\n<p class=\"link-more\"><a href=\"https:\/\/artdia.de\/?p=41\" class=\"more-link\">Continue reading<span class=\"screen-reader-text\"> &#8220;Dada&#8221;<\/span><\/a><\/p>\n","protected":false},"author":1,"featured_media":0,"comment_status":"open","ping_status":"open","sticky":false,"template":"","format":"standard","meta":{"footnotes":""},"categories":[2,3],"tags":[4,8],"class_list":["post-41","post","type-post","status-publish","format-standard","hentry","category-art","category-allgemein","tag-art","tag-kunst"],"_links":{"self":[{"href":"https:\/\/artdia.de\/index.php?rest_route=\/wp\/v2\/posts\/41","targetHints":{"allow":["GET"]}}],"collection":[{"href":"https:\/\/artdia.de\/index.php?rest_route=\/wp\/v2\/posts"}],"about":[{"href":"https:\/\/artdia.de\/index.php?rest_route=\/wp\/v2\/types\/post"}],"author":[{"embeddable":true,"href":"https:\/\/artdia.de\/index.php?rest_route=\/wp\/v2\/users\/1"}],"replies":[{"embeddable":true,"href":"https:\/\/artdia.de\/index.php?rest_route=%2Fwp%2Fv2%2Fcomments&post=41"}],"version-history":[{"count":4,"href":"https:\/\/artdia.de\/index.php?rest_route=\/wp\/v2\/posts\/41\/revisions"}],"predecessor-version":[{"id":430,"href":"https:\/\/artdia.de\/index.php?rest_route=\/wp\/v2\/posts\/41\/revisions\/430"}],"wp:attachment":[{"href":"https:\/\/artdia.de\/index.php?rest_route=%2Fwp%2Fv2%2Fmedia&parent=41"}],"wp:term":[{"taxonomy":"category","embeddable":true,"href":"https:\/\/artdia.de\/index.php?rest_route=%2Fwp%2Fv2%2Fcategories&post=41"},{"taxonomy":"post_tag","embeddable":true,"href":"https:\/\/artdia.de\/index.php?rest_route=%2Fwp%2Fv2%2Ftags&post=41"}],"curies":[{"name":"wp","href":"https:\/\/api.w.org\/{rel}","templated":true}]}}